{"id":647,"date":"2024-10-25T14:30:29","date_gmt":"2024-10-25T11:30:29","guid":{"rendered":"https:\/\/isphta.md\/?p=647"},"modified":"2024-10-25T14:30:29","modified_gmt":"2024-10-25T11:30:29","slug":"a-xii-a-adunare-generala-a-uniunii-academiilor-europene-pentru-stiinte-aplicate-in-agricultura-alimentatie-si-natura-ueaa","status":"publish","type":"post","link":"https:\/\/incaamv.md\/en\/a-xii-a-adunare-generala-a-uniunii-academiilor-europene-pentru-stiinte-aplicate-in-agricultura-alimentatie-si-natura-ueaa\/","title":{"rendered":"XII General Assembly of the Union of European Academies for Applied Sciences in Agriculture, Food and Nature (UEAA)"},"content":{"rendered":"<p>During October 10-11, 2024, the \"Gheorghe Ionescu-Si\u0219e\u0219ti\" Academy of Agricultural and Forestry Sciences in Romania hosted the 12th General Assembly of the Union of European Academies for Applied Sciences in Agriculture, Food and Nature (UEAA). <img decoding=\"async\" height=\"16\" width=\"16\" alt=\"?\" src=\"https:\/\/static.xx.fbcdn.net\/images\/emoji.php\/v9\/t3f\/1\/16\/1f30d.png\"><img decoding=\"async\" height=\"16\" width=\"16\" alt=\"??\" src=\"https:\/\/static.xx.fbcdn.net\/images\/emoji.php\/v9\/tdd\/1\/16\/1f1ea_1f1fa.png\"> Evenimentul a adunat personalit\u0103\u021bi de marc\u0103 ale \u0219tiin\u021bei agricole europene \u0219i a inclus un simpozion \u0219tiin\u021bific cu tema \u201eNoile tehnici de cercetare \u0219i progresul agricol.\u201d <img decoding=\"async\" height=\"16\" width=\"16\" alt=\"?\u200d?\" src=\"https:\/\/static.xx.fbcdn.net\/images\/emoji.php\/v9\/tea\/1\/16\/1f469_200d_1f52c.png\"><img loading=\"lazy\" decoding=\"async\" height=\"16\" width=\"16\" alt=\"?\" src=\"https:\/\/static.xx.fbcdn.net\/images\/emoji.php\/v9\/t9d\/1\/16\/1f33e.png\"><\/p>\n\n\n\n<p><img loading=\"lazy\" decoding=\"async\" height=\"16\" width=\"16\" alt=\"?\" src=\"https:\/\/static.xx.fbcdn.net\/images\/emoji.php\/v9\/taa\/1\/16\/1f310.png\"> With the presidency in the following <a><\/a>two years at ASAS Romania, this forum supports the development of agriculture in the context of climate change and the conservation of natural resources.<\/p>\n\n\n\n<p><a href=\"https:\/\/drive.google.com\/file\/d\/1s9TA1txXawEZuo4B8T-_28G6n4pFz3w2\/view?usp=sharing\" target=\"_blank\" rel=\"noreferrer noopener\">General Assembly of the Union of European Academies for Applied Sciences of Agriculture, Food and Nature<\/a><\/p>\n\n\n\n<p><\/p>","protected":false},"excerpt":{"rendered":"<p>\u00cen perioada 10-11 octombrie 2024, Academia de \u0218tiin\u021be Agricole \u0219i Silvice \u201eGheorghe Ionescu-\u0218i\u0219e\u0219ti\u201d din Rom\u00e2nia a g\u0103zduit cea de-a XII-a Adunare General\u0103 a Uniunii Academiilor Europene pentru \u0218tiin\u021be Aplicate \u00een Agricultur\u0103, Alimenta\u021bie \u0219i Natur\u0103 (UEAA). Evenimentul a adunat personalit\u0103\u021bi de marc\u0103 ale \u0219tiin\u021bei agricole europene \u0219i a inclus un simpozion \u0219tiin\u021bific cu tema \u201eNoile tehnici [&hellip;]<\/p>\n","protected":false},"author":1,"featured_media":0,"comment_status":"closed","ping_status":"open","sticky":false,"template":"","format":"standard","meta":{"_eb_attr":"","footnotes":""},"categories":[9],"tags":[],"class_list":["post-647","post","type-post","status-publish","format-standard","hentry","category-anunturi"],"_links":{"self":[{"href":"https:\/\/incaamv.md\/en\/wp-json\/wp\/v2\/posts\/647","targetHints":{"allow":["GET"]}}],"collection":[{"href":"https:\/\/incaamv.md\/en\/wp-json\/wp\/v2\/posts"}],"about":[{"href":"https:\/\/incaamv.md\/en\/wp-json\/wp\/v2\/types\/post"}],"author":[{"embeddable":true,"href":"https:\/\/incaamv.md\/en\/wp-json\/wp\/v2\/users\/1"}],"replies":[{"embeddable":true,"href":"https:\/\/incaamv.md\/en\/wp-json\/wp\/v2\/comments?post=647"}],"version-history":[{"count":1,"href":"https:\/\/incaamv.md\/en\/wp-json\/wp\/v2\/posts\/647\/revisions"}],"predecessor-version":[{"id":648,"href":"https:\/\/incaamv.md\/en\/wp-json\/wp\/v2\/posts\/647\/revisions\/648"}],"wp:attachment":[{"href":"https:\/\/incaamv.md\/en\/wp-json\/wp\/v2\/media?parent=647"}],"wp:term":[{"taxonomy":"category","embeddable":true,"href":"https:\/\/incaamv.md\/en\/wp-json\/wp\/v2\/categories?post=647"},{"taxonomy":"post_tag","embeddable":true,"href":"https:\/\/incaamv.md\/en\/wp-json\/wp\/v2\/tags?post=647"}],"curies":[{"name":"wp","href":"https:\/\/api.w.org\/{rel}","templated":true}]}}